{"id":916,"date":"2025-07-17T12:06:57","date_gmt":"2025-07-17T10:06:57","guid":{"rendered":"https:\/\/www.fallerfinance.com\/vacances-scolaires-en-allemagne\/"},"modified":"2025-11-03T17:09:54","modified_gmt":"2025-11-03T16:09:54","slug":"vacances-scolaires-en-allemagne","status":"publish","type":"post","link":"https:\/\/www.fallerfinance.com\/de\/vacances-scolaires-en-allemagne\/","title":{"rendered":"Schulferien in Deutschland"},"content":{"rendered":"\n<p id=\"viewer-9mojk309\"><p>Die Schulferien in Deutschland unterscheiden sich je nach Bundesland, da die Ferienregelung in die Zust\u00e4ndigkeit der L\u00e4nder f\u00e4llt. Deutschland ist in 16 Bundesl\u00e4nder unterteilt, die h\u00e4ufig in f\u00fcnf geografisch nahe beieinanderliegende Gruppen gegliedert sind. Frankfurt am Main liegt im Bundesland Hessen, das gemeinsam mit dem Saarland und Rheinland-Pfalz zur Gruppe Mitte geh\u00f6rt.<\/p>&#13;\n<\/p>\n\n<p id=\"viewer-h6jsh268\"><p>Die Termine der Sommerferien (<strong>Sommerferien<\/strong>) werden jedes Jahr im Rotationsprinzip festgelegt, um Staus und eine \u00dcberlastung der Verkehrs- und Tourismusinfrastruktur zu vermeiden. Der Sommerferienkalender wird von der Kultusministerkonferenz (<strong>Kulturministerkonferenz \u2013 KMK<\/strong>) mehrere Jahre im Voraus beschlossen.<\/p><\/p>\n\n<p id=\"viewer-3xrzt3149\"><p>F\u00fcr die \u00fcbrigen Ferienzeiten (Herbst, Winter, Ostern) legt hingegen jedes Bundesland seine eigenen Termine fest \u2013 je nach lokalen Traditionen oder regionalen wirtschaftlichen Bed\u00fcrfnissen, etwa den Tourismussaisons oder landwirtschaftlichen Erntezeiten.<\/p>&#13;\n<\/p>\n\n<p id=\"viewer-m06ps270\"><p>In den untenstehenden Dateien finden Sie zum einen die Sommerferientermine von 2025 bis 2030, zum anderen die Schulferientermine f\u00fcr das Schuljahr 2024\/2025.<\/p><\/p>\n\n<div style=\"height:50px\" aria-hidden=\"true\" class=\"wp-block-spacer\"><\/div>\n\n<div class=\"wp-block-group is-content-justification-left is-layout-constrained wp-container-core-group-is-layout-8c890d92 wp-block-group-is-layout-constrained\">\n<div class=\"wp-block-buttons is-layout-flex wp-block-buttons-is-layout-flex\">\n<div class=\"wp-block-button\"><a class=\"wp-block-button__link has-black-background-color has-background has-text-align-left wp-element-button\" href=\"https:\/\/www.fallerfinance.com\/\/wp-content\/uploads\/2025\/08\/Sommerferienregelung_2025-2030_2022-09-21.pdf\" target=\"_blank\" rel=\"noreferrer noopener\">Sommerferienregelung_2025-2030_2022-09-21.pdf<\/a><\/div>\n<\/div>\n<\/div>\n\n<div style=\"height:20px\" aria-hidden=\"true\" class=\"wp-block-spacer\"><\/div>\n\n<div class=\"wp-block-group is-content-justification-left is-layout-constrained wp-container-core-group-is-layout-8c890d92 wp-block-group-is-layout-constrained\">\n<div class=\"wp-block-buttons is-layout-flex wp-block-buttons-is-layout-flex\">\n<div class=\"wp-block-button\"><a class=\"wp-block-button__link has-black-background-color has-background has-text-align-left wp-element-button\" href=\"https:\/\/www.fallerfinance.com\/\/wp-content\/uploads\/2025\/08\/FER2024_25.pdf\" target=\"_blank\" rel=\"noreferrer noopener\">FER2024_25.pdf<\/a><\/div>\n<\/div>\n<\/div>\n\n<div style=\"height:50px\" aria-hidden=\"true\" class=\"wp-block-spacer\"><\/div>\n\n<h2 class=\"wp-block-heading\" id=\"viewer-el5ji4317\"><strong>Fazit<\/strong><br\/><\/h2>\n\n<p id=\"viewer-w5j238397\">Das System der Schulferien in Deutschland unterscheidet sich deutlich vom franz\u00f6sischen Modell. Vereinbaren Sie einen Termin mit unseren Beratern, um Ihre Finanzen optimal zu gestalten und Ihre Ferien unbeschwert genie\u00dfen zu k\u00f6nnen.<\/p>\n","protected":false},"excerpt":{"rendered":"<p>Die Schulferien in Deutschland unterscheiden sich je nach Bundesland, da die Ferienregelung in die Zust\u00e4ndigkeit der L\u00e4nder f\u00e4llt. Deutschland ist in 16 Bundesl\u00e4nder unterteilt, die h\u00e4ufig in f\u00fcnf geografisch nahe beieinanderliegende Gruppen gegliedert sind. Frankfurt am Main liegt im Bundesland Hessen, das gemeinsam mit dem Saarland und Rheinland-Pfalz zur Gruppe Mitte geh\u00f6rt. &#13; Die Termine [&hellip;]<\/p>\n","protected":false},"author":1,"featured_media":917,"comment_status":"closed","ping_status":"open","sticky":false,"template":"","format":"standard","meta":{"_et_pb_use_builder":"off","_et_pb_old_content":"","_et_gb_content_width":"","footnotes":""},"categories":[17],"tags":[],"class_list":["post-916","post","type-post","status-publish","format-standard","has-post-thumbnail","hentry","category-tipps"],"yoast_head":"<!-- This site is optimized with the Yoast SEO plugin v27.5 - https:\/\/yoast.com\/product\/yoast-seo-wordpress\/ -->\n<title>Ferienkalender f\u00fcr Deutschland | Faller Finance<\/title>\n<meta name=\"description\" content=\"Entdecken Sie die wichtigsten Ferientermine in Deutschland nach Bundesl\u00e4ndern. Ein praktischer Leitfaden zur Planung Ihrer Familienurlaube.\" \/>\n<meta name=\"robots\" content=\"index, follow, max-snippet:-1, max-image-preview:large, max-video-preview:-1\" \/>\n<link rel=\"canonical\" href=\"https:\/\/www.fallerfinance.com\/de\/vacances-scolaires-en-allemagne\/\" \/>\n<meta property=\"og:locale\" content=\"de_DE\" \/>\n<meta property=\"og:type\" content=\"article\" \/>\n<meta property=\"og:title\" content=\"Ferienkalender f\u00fcr Deutschland | Faller Finance\" \/>\n<meta property=\"og:description\" content=\"Entdecken Sie die wichtigsten Ferientermine in Deutschland nach Bundesl\u00e4ndern. Ein praktischer Leitfaden zur Planung Ihrer Familienurlaube.\" \/>\n<meta property=\"og:url\" content=\"https:\/\/www.fallerfinance.com\/de\/vacances-scolaires-en-allemagne\/\" \/>\n<meta property=\"og:site_name\" content=\"Faller Finance\" \/>\n<meta property=\"article:published_time\" content=\"2025-07-17T10:06:57+00:00\" \/>\n<meta property=\"article:modified_time\" content=\"2025-11-03T16:09:54+00:00\" \/>\n<meta property=\"og:image\" content=\"https:\/\/www.fallerfinance.com\/wp-content\/uploads\/2025\/08\/vacances-scolaires-en-allemagne.webp\" \/>\n\t<meta property=\"og:image:width\" content=\"1500\" \/>\n\t<meta property=\"og:image:height\" content=\"1000\" \/>\n\t<meta property=\"og:image:type\" content=\"image\/webp\" \/>\n<meta name=\"author\" content=\"jl5ncI3HUmVKyL1q\" \/>\n<meta name=\"twitter:card\" content=\"summary_large_image\" \/>\n<meta name=\"twitter:label1\" content=\"Verfasst von\" \/>\n\t<meta name=\"twitter:data1\" content=\"jl5ncI3HUmVKyL1q\" \/>\n\t<meta name=\"twitter:label2\" content=\"Gesch\u00e4tzte Lesezeit\" \/>\n\t<meta name=\"twitter:data2\" content=\"1\u00a0Minute\" \/>\n<script type=\"application\/ld+json\" class=\"yoast-schema-graph\">{\"@context\":\"https:\\\/\\\/schema.org\",\"@graph\":[{\"@type\":\"Article\",\"@id\":\"https:\\\/\\\/www.fallerfinance.com\\\/de\\\/vacances-scolaires-en-allemagne\\\/#article\",\"isPartOf\":{\"@id\":\"https:\\\/\\\/www.fallerfinance.com\\\/de\\\/vacances-scolaires-en-allemagne\\\/\"},\"author\":{\"name\":\"jl5ncI3HUmVKyL1q\",\"@id\":\"https:\\\/\\\/www.fallerfinance.com\\\/de\\\/#\\\/schema\\\/person\\\/e7f9175c8b74280d873f63766d0a724d\"},\"headline\":\"Schulferien in Deutschland\",\"datePublished\":\"2025-07-17T10:06:57+00:00\",\"dateModified\":\"2025-11-03T16:09:54+00:00\",\"mainEntityOfPage\":{\"@id\":\"https:\\\/\\\/www.fallerfinance.com\\\/de\\\/vacances-scolaires-en-allemagne\\\/\"},\"wordCount\":190,\"image\":{\"@id\":\"https:\\\/\\\/www.fallerfinance.com\\\/de\\\/vacances-scolaires-en-allemagne\\\/#primaryimage\"},\"thumbnailUrl\":\"https:\\\/\\\/www.fallerfinance.com\\\/wp-content\\\/uploads\\\/2025\\\/08\\\/vacances-scolaires-en-allemagne.webp\",\"articleSection\":[\"Tipps\"],\"inLanguage\":\"de\"},{\"@type\":\"WebPage\",\"@id\":\"https:\\\/\\\/www.fallerfinance.com\\\/de\\\/vacances-scolaires-en-allemagne\\\/\",\"url\":\"https:\\\/\\\/www.fallerfinance.com\\\/de\\\/vacances-scolaires-en-allemagne\\\/\",\"name\":\"Ferienkalender f\u00fcr Deutschland | Faller Finance\",\"isPartOf\":{\"@id\":\"https:\\\/\\\/www.fallerfinance.com\\\/de\\\/#website\"},\"primaryImageOfPage\":{\"@id\":\"https:\\\/\\\/www.fallerfinance.com\\\/de\\\/vacances-scolaires-en-allemagne\\\/#primaryimage\"},\"image\":{\"@id\":\"https:\\\/\\\/www.fallerfinance.com\\\/de\\\/vacances-scolaires-en-allemagne\\\/#primaryimage\"},\"thumbnailUrl\":\"https:\\\/\\\/www.fallerfinance.com\\\/wp-content\\\/uploads\\\/2025\\\/08\\\/vacances-scolaires-en-allemagne.webp\",\"datePublished\":\"2025-07-17T10:06:57+00:00\",\"dateModified\":\"2025-11-03T16:09:54+00:00\",\"author\":{\"@id\":\"https:\\\/\\\/www.fallerfinance.com\\\/de\\\/#\\\/schema\\\/person\\\/e7f9175c8b74280d873f63766d0a724d\"},\"description\":\"Entdecken Sie die wichtigsten Ferientermine in Deutschland nach Bundesl\u00e4ndern. Ein praktischer Leitfaden zur Planung Ihrer Familienurlaube.\",\"breadcrumb\":{\"@id\":\"https:\\\/\\\/www.fallerfinance.com\\\/de\\\/vacances-scolaires-en-allemagne\\\/#breadcrumb\"},\"inLanguage\":\"de\",\"potentialAction\":[{\"@type\":\"ReadAction\",\"target\":[\"https:\\\/\\\/www.fallerfinance.com\\\/de\\\/vacances-scolaires-en-allemagne\\\/\"]}]},{\"@type\":\"ImageObject\",\"inLanguage\":\"de\",\"@id\":\"https:\\\/\\\/www.fallerfinance.com\\\/de\\\/vacances-scolaires-en-allemagne\\\/#primaryimage\",\"url\":\"https:\\\/\\\/www.fallerfinance.com\\\/wp-content\\\/uploads\\\/2025\\\/08\\\/vacances-scolaires-en-allemagne.webp\",\"contentUrl\":\"https:\\\/\\\/www.fallerfinance.com\\\/wp-content\\\/uploads\\\/2025\\\/08\\\/vacances-scolaires-en-allemagne.webp\",\"width\":1500,\"height\":1000,\"caption\":\"vacances-scolaires-en-allemagne\"},{\"@type\":\"BreadcrumbList\",\"@id\":\"https:\\\/\\\/www.fallerfinance.com\\\/de\\\/vacances-scolaires-en-allemagne\\\/#breadcrumb\",\"itemListElement\":[{\"@type\":\"ListItem\",\"position\":1,\"name\":\"Startseite\",\"item\":\"https:\\\/\\\/www.fallerfinance.com\\\/de\\\/\"},{\"@type\":\"ListItem\",\"position\":2,\"name\":\"Schulferien in Deutschland\"}]},{\"@type\":\"WebSite\",\"@id\":\"https:\\\/\\\/www.fallerfinance.com\\\/de\\\/#website\",\"url\":\"https:\\\/\\\/www.fallerfinance.com\\\/de\\\/\",\"name\":\"Faller Finance\",\"description\":\"\",\"potentialAction\":[{\"@type\":\"SearchAction\",\"target\":{\"@type\":\"EntryPoint\",\"urlTemplate\":\"https:\\\/\\\/www.fallerfinance.com\\\/de\\\/?s={search_term_string}\"},\"query-input\":{\"@type\":\"PropertyValueSpecification\",\"valueRequired\":true,\"valueName\":\"search_term_string\"}}],\"inLanguage\":\"de\"},{\"@type\":\"Person\",\"@id\":\"https:\\\/\\\/www.fallerfinance.com\\\/de\\\/#\\\/schema\\\/person\\\/e7f9175c8b74280d873f63766d0a724d\",\"name\":\"jl5ncI3HUmVKyL1q\",\"image\":{\"@type\":\"ImageObject\",\"inLanguage\":\"de\",\"@id\":\"https:\\\/\\\/secure.gravatar.com\\\/avatar\\\/604c5ce43d0abfa57fdbf3424d8c5404eed6279e01e0f82876830c43b6f7906d?s=96&d=mm&r=g\",\"url\":\"https:\\\/\\\/secure.gravatar.com\\\/avatar\\\/604c5ce43d0abfa57fdbf3424d8c5404eed6279e01e0f82876830c43b6f7906d?s=96&d=mm&r=g\",\"contentUrl\":\"https:\\\/\\\/secure.gravatar.com\\\/avatar\\\/604c5ce43d0abfa57fdbf3424d8c5404eed6279e01e0f82876830c43b6f7906d?s=96&d=mm&r=g\",\"caption\":\"jl5ncI3HUmVKyL1q\"},\"sameAs\":[\"https:\\\/\\\/www.fallerfinance.com\\\/\"],\"url\":\"https:\\\/\\\/www.fallerfinance.com\\\/de\\\/author\\\/jl5nci3humvkyl1q\\\/\"}]}<\/script>\n<!-- \/ Yoast SEO plugin. -->","yoast_head_json":{"title":"Ferienkalender f\u00fcr Deutschland | Faller Finance","description":"Entdecken Sie die wichtigsten Ferientermine in Deutschland nach Bundesl\u00e4ndern. Ein praktischer Leitfaden zur Planung Ihrer Familienurlaube.","robots":{"index":"index","follow":"follow","max-snippet":"max-snippet:-1","max-image-preview":"max-image-preview:large","max-video-preview":"max-video-preview:-1"},"canonical":"https:\/\/www.fallerfinance.com\/de\/vacances-scolaires-en-allemagne\/","og_locale":"de_DE","og_type":"article","og_title":"Ferienkalender f\u00fcr Deutschland | Faller Finance","og_description":"Entdecken Sie die wichtigsten Ferientermine in Deutschland nach Bundesl\u00e4ndern. Ein praktischer Leitfaden zur Planung Ihrer Familienurlaube.","og_url":"https:\/\/www.fallerfinance.com\/de\/vacances-scolaires-en-allemagne\/","og_site_name":"Faller Finance","article_published_time":"2025-07-17T10:06:57+00:00","article_modified_time":"2025-11-03T16:09:54+00:00","og_image":[{"width":1500,"height":1000,"url":"https:\/\/www.fallerfinance.com\/wp-content\/uploads\/2025\/08\/vacances-scolaires-en-allemagne.webp","type":"image\/webp"}],"author":"jl5ncI3HUmVKyL1q","twitter_card":"summary_large_image","twitter_misc":{"Verfasst von":"jl5ncI3HUmVKyL1q","Gesch\u00e4tzte Lesezeit":"1\u00a0Minute"},"schema":{"@context":"https:\/\/schema.org","@graph":[{"@type":"Article","@id":"https:\/\/www.fallerfinance.com\/de\/vacances-scolaires-en-allemagne\/#article","isPartOf":{"@id":"https:\/\/www.fallerfinance.com\/de\/vacances-scolaires-en-allemagne\/"},"author":{"name":"jl5ncI3HUmVKyL1q","@id":"https:\/\/www.fallerfinance.com\/de\/#\/schema\/person\/e7f9175c8b74280d873f63766d0a724d"},"headline":"Schulferien in Deutschland","datePublished":"2025-07-17T10:06:57+00:00","dateModified":"2025-11-03T16:09:54+00:00","mainEntityOfPage":{"@id":"https:\/\/www.fallerfinance.com\/de\/vacances-scolaires-en-allemagne\/"},"wordCount":190,"image":{"@id":"https:\/\/www.fallerfinance.com\/de\/vacances-scolaires-en-allemagne\/#primaryimage"},"thumbnailUrl":"https:\/\/www.fallerfinance.com\/wp-content\/uploads\/2025\/08\/vacances-scolaires-en-allemagne.webp","articleSection":["Tipps"],"inLanguage":"de"},{"@type":"WebPage","@id":"https:\/\/www.fallerfinance.com\/de\/vacances-scolaires-en-allemagne\/","url":"https:\/\/www.fallerfinance.com\/de\/vacances-scolaires-en-allemagne\/","name":"Ferienkalender f\u00fcr Deutschland | Faller Finance","isPartOf":{"@id":"https:\/\/www.fallerfinance.com\/de\/#website"},"primaryImageOfPage":{"@id":"https:\/\/www.fallerfinance.com\/de\/vacances-scolaires-en-allemagne\/#primaryimage"},"image":{"@id":"https:\/\/www.fallerfinance.com\/de\/vacances-scolaires-en-allemagne\/#primaryimage"},"thumbnailUrl":"https:\/\/www.fallerfinance.com\/wp-content\/uploads\/2025\/08\/vacances-scolaires-en-allemagne.webp","datePublished":"2025-07-17T10:06:57+00:00","dateModified":"2025-11-03T16:09:54+00:00","author":{"@id":"https:\/\/www.fallerfinance.com\/de\/#\/schema\/person\/e7f9175c8b74280d873f63766d0a724d"},"description":"Entdecken Sie die wichtigsten Ferientermine in Deutschland nach Bundesl\u00e4ndern. Ein praktischer Leitfaden zur Planung Ihrer Familienurlaube.","breadcrumb":{"@id":"https:\/\/www.fallerfinance.com\/de\/vacances-scolaires-en-allemagne\/#breadcrumb"},"inLanguage":"de","potentialAction":[{"@type":"ReadAction","target":["https:\/\/www.fallerfinance.com\/de\/vacances-scolaires-en-allemagne\/"]}]},{"@type":"ImageObject","inLanguage":"de","@id":"https:\/\/www.fallerfinance.com\/de\/vacances-scolaires-en-allemagne\/#primaryimage","url":"https:\/\/www.fallerfinance.com\/wp-content\/uploads\/2025\/08\/vacances-scolaires-en-allemagne.webp","contentUrl":"https:\/\/www.fallerfinance.com\/wp-content\/uploads\/2025\/08\/vacances-scolaires-en-allemagne.webp","width":1500,"height":1000,"caption":"vacances-scolaires-en-allemagne"},{"@type":"BreadcrumbList","@id":"https:\/\/www.fallerfinance.com\/de\/vacances-scolaires-en-allemagne\/#breadcrumb","itemListElement":[{"@type":"ListItem","position":1,"name":"Startseite","item":"https:\/\/www.fallerfinance.com\/de\/"},{"@type":"ListItem","position":2,"name":"Schulferien in Deutschland"}]},{"@type":"WebSite","@id":"https:\/\/www.fallerfinance.com\/de\/#website","url":"https:\/\/www.fallerfinance.com\/de\/","name":"Faller Finance","description":"","potentialAction":[{"@type":"SearchAction","target":{"@type":"EntryPoint","urlTemplate":"https:\/\/www.fallerfinance.com\/de\/?s={search_term_string}"},"query-input":{"@type":"PropertyValueSpecification","valueRequired":true,"valueName":"search_term_string"}}],"inLanguage":"de"},{"@type":"Person","@id":"https:\/\/www.fallerfinance.com\/de\/#\/schema\/person\/e7f9175c8b74280d873f63766d0a724d","name":"jl5ncI3HUmVKyL1q","image":{"@type":"ImageObject","inLanguage":"de","@id":"https:\/\/secure.gravatar.com\/avatar\/604c5ce43d0abfa57fdbf3424d8c5404eed6279e01e0f82876830c43b6f7906d?s=96&d=mm&r=g","url":"https:\/\/secure.gravatar.com\/avatar\/604c5ce43d0abfa57fdbf3424d8c5404eed6279e01e0f82876830c43b6f7906d?s=96&d=mm&r=g","contentUrl":"https:\/\/secure.gravatar.com\/avatar\/604c5ce43d0abfa57fdbf3424d8c5404eed6279e01e0f82876830c43b6f7906d?s=96&d=mm&r=g","caption":"jl5ncI3HUmVKyL1q"},"sameAs":["https:\/\/www.fallerfinance.com\/"],"url":"https:\/\/www.fallerfinance.com\/de\/author\/jl5nci3humvkyl1q\/"}]}},"_links":{"self":[{"href":"https:\/\/www.fallerfinance.com\/de\/wp-json\/wp\/v2\/posts\/916","targetHints":{"allow":["GET"]}}],"collection":[{"href":"https:\/\/www.fallerfinance.com\/de\/wp-json\/wp\/v2\/posts"}],"about":[{"href":"https:\/\/www.fallerfinance.com\/de\/wp-json\/wp\/v2\/types\/post"}],"author":[{"embeddable":true,"href":"https:\/\/www.fallerfinance.com\/de\/wp-json\/wp\/v2\/users\/1"}],"replies":[{"embeddable":true,"href":"https:\/\/www.fallerfinance.com\/de\/wp-json\/wp\/v2\/comments?post=916"}],"version-history":[{"count":0,"href":"https:\/\/www.fallerfinance.com\/de\/wp-json\/wp\/v2\/posts\/916\/revisions"}],"wp:featuredmedia":[{"embeddable":true,"href":"https:\/\/www.fallerfinance.com\/de\/wp-json\/wp\/v2\/media\/917"}],"wp:attachment":[{"href":"https:\/\/www.fallerfinance.com\/de\/wp-json\/wp\/v2\/media?parent=916"}],"wp:term":[{"taxonomy":"category","embeddable":true,"href":"https:\/\/www.fallerfinance.com\/de\/wp-json\/wp\/v2\/categories?post=916"},{"taxonomy":"post_tag","embeddable":true,"href":"https:\/\/www.fallerfinance.com\/de\/wp-json\/wp\/v2\/tags?post=916"}],"curies":[{"name":"wp","href":"https:\/\/api.w.org\/{rel}","templated":true}]}}